{"id":9751,"date":"2026-03-16T17:59:46","date_gmt":"2026-03-16T16:59:46","guid":{"rendered":"https:\/\/www.ambassadeurhotel.com\/?p=9751"},"modified":"2026-03-16T17:59:46","modified_gmt":"2026-03-16T16:59:46","slug":"marche-de-createurs-au-rozel-le-09-et-le-10-mai","status":"publish","type":"post","link":"https:\/\/www.ambassadeurhotel.com\/en\/marche-de-createurs-au-rozel-le-09-et-le-10-mai\/","title":{"rendered":"March\u00e9 de cr\u00e9ateurs au Rozel (le 09 et le 10 Mai)"},"content":{"rendered":"<p style=\"text-align: center;\" data-section-id=\"mkyfih\" data-start=\"0\" data-end=\"48\">&#x1f3a8; March\u00e9 des Cr\u00e9ateurs au Rozel \u2013 Mai 2026<\/p>\n<p style=\"text-align: center;\" data-section-id=\"1onsje9\" data-start=\"49\" data-end=\"109\">Une rencontre avec l\u2019artisanat et la cr\u00e9ativit\u00e9 locale<\/p>\n<p style=\"text-align: center;\" data-start=\"111\" data-end=\"454\">Au <strong data-start=\"114\" data-end=\"123\">Rozel<\/strong>, dans la Manche, le <strong data-start=\"144\" data-end=\"168\">March\u00e9 des Cr\u00e9ateurs<\/strong> revient en <strong data-start=\"180\" data-end=\"192\">mai 2026<\/strong> pour une journ\u00e9e plac\u00e9e sous le signe de l\u2019<strong data-start=\"236\" data-end=\"287\">artisanat, de la cr\u00e9ativit\u00e9 et de la d\u00e9couverte<\/strong>. Cet \u00e9v\u00e9nement invite les visiteurs \u00e0 <strong data-start=\"326\" data-end=\"373\">rencontrer des artisans et cr\u00e9ateurs locaux<\/strong> et \u00e0 d\u00e9couvrir leurs productions uniques, dans un cadre convivial et familial.<\/p>\n<p style=\"text-align: center;\" data-section-id=\"1jkai2m\" data-start=\"456\" data-end=\"509\">Un rendez-vous pour tous les amateurs de cr\u00e9ation<\/p>\n<p style=\"text-align: center;\" data-start=\"511\" data-end=\"710\">Le march\u00e9 propose une <strong data-start=\"533\" data-end=\"576\">grande vari\u00e9t\u00e9 de cr\u00e9ations artisanales<\/strong>\u202f: bijoux, accessoires de mode, d\u00e9coration, objets design, illustrations et \u0153uvres artistiques. C\u2019est l\u2019occasion pour le public de :<\/p>\n<ul style=\"text-align: center;\" data-start=\"711\" data-end=\"860\">\n<li data-section-id=\"8osvki\" data-start=\"711\" data-end=\"752\">\n<p data-start=\"713\" data-end=\"752\">rencontrer directement les cr\u00e9ateurs,<\/p>\n<\/li>\n<li data-section-id=\"10g980s\" data-start=\"753\" data-end=\"804\">\n<p data-start=\"755\" data-end=\"804\">d\u00e9couvrir des savoir-faire locaux et originaux,<\/p>\n<\/li>\n<li data-section-id=\"1p810fh\" data-start=\"805\" data-end=\"860\">\n<p data-start=\"807\" data-end=\"860\">soutenir l\u2019\u00e9conomie et la cr\u00e9ativit\u00e9 du territoire.<\/p>\n<\/li>\n<\/ul>\n<p style=\"text-align: center;\" data-section-id=\"xx2lcz\" data-start=\"862\" data-end=\"902\">Une ambiance conviviale et familiale<\/p>\n<p style=\"text-align: center;\" data-start=\"904\" data-end=\"1205\">Au-del\u00e0 des stands, le march\u00e9 se veut <strong data-start=\"942\" data-end=\"967\">festif et accueillant<\/strong>, avec des animations pour petits et grands, des ateliers cr\u00e9atifs et parfois des d\u00e9monstrations de techniques artisanales. Les visiteurs peuvent fl\u00e2ner, \u00e9changer avec les cr\u00e9ateurs et repartir avec des pi\u00e8ces uniques ou personnalis\u00e9es.<\/p>\n<p style=\"text-align: center;\" data-section-id=\"1whd1zp\" data-start=\"1207\" data-end=\"1233\">Informations pratiques<\/p>\n<p style=\"text-align: center;\" data-start=\"1235\" data-end=\"1441\">&#x1f4cd; <strong data-start=\"1238\" data-end=\"1248\">Lieu :<\/strong> Le Rozel, Manche, Normandie, France<br data-start=\"1284\" data-end=\"1287\" \/>&#x1f4c5; <strong data-start=\"1290\" data-end=\"1300\">Date :<\/strong> du 09 Mai \u00e0 14h00 au 10 Mai \u00e0 18h00<br data-start=\"1393\" data-end=\"1396\" \/>&#x1f39f;&#xfe0f; <strong data-start=\"1400\" data-end=\"1412\">Entr\u00e9e :<\/strong> gratuite et ouverte \u00e0 tous<\/p>\n<p style=\"text-align: center;\" data-start=\"1448\" data-end=\"1670\">Le <strong data-start=\"1451\" data-end=\"1484\">March\u00e9 des Cr\u00e9ateurs du Rozel<\/strong> est une belle opportunit\u00e9 pour passer un moment agr\u00e9able, <strong data-start=\"1543\" data-end=\"1616\">d\u00e9couvrir l\u2019artisanat local et repartir avec des cr\u00e9ations originales<\/strong>, tout en profitant du charme de ce village normand.<\/p>\n<p style=\"text-align: center;\" data-start=\"1448\" data-end=\"1670\">*Image non contractuelle, g\u00e9ner\u00e9e par ideogram*<\/p>\n","protected":false},"excerpt":{"rendered":"<p>&#x1f3a8; March\u00e9 des Cr\u00e9ateurs au Rozel \u2013 Mai 2026 Une rencontre avec l\u2019artisanat et la cr\u00e9ativit\u00e9 locale Au Rozel, dans la Manche, le March\u00e9 des Cr\u00e9ateurs<span class=\"excerpt-hellip\"> [\u2026]<\/span><\/p>\n","protected":false},"author":2,"featured_media":9752,"comment_status":"closed","ping_status":"closed","sticky":false,"template":"","format":"standard","meta":{"footnotes":""},"categories":[14,2],"tags":[],"class_list":["post-9751","post","type-post","status-publish","format-standard","has-post-thumbnail","hentry","category-decouvertes","category-news"],"_links":{"self":[{"href":"https:\/\/www.ambassadeurhotel.com\/en\/wp-json\/wp\/v2\/posts\/9751","targetHints":{"allow":["GET"]}}],"collection":[{"href":"https:\/\/www.ambassadeurhotel.com\/en\/wp-json\/wp\/v2\/posts"}],"about":[{"href":"https:\/\/www.ambassadeurhotel.com\/en\/wp-json\/wp\/v2\/types\/post"}],"author":[{"embeddable":true,"href":"https:\/\/www.ambassadeurhotel.com\/en\/wp-json\/wp\/v2\/users\/2"}],"replies":[{"embeddable":true,"href":"https:\/\/www.ambassadeurhotel.com\/en\/wp-json\/wp\/v2\/comments?post=9751"}],"version-history":[{"count":1,"href":"https:\/\/www.ambassadeurhotel.com\/en\/wp-json\/wp\/v2\/posts\/9751\/revisions"}],"predecessor-version":[{"id":9753,"href":"https:\/\/www.ambassadeurhotel.com\/en\/wp-json\/wp\/v2\/posts\/9751\/revisions\/9753"}],"wp:featuredmedia":[{"embeddable":true,"href":"https:\/\/www.ambassadeurhotel.com\/en\/wp-json\/wp\/v2\/media\/9752"}],"wp:attachment":[{"href":"https:\/\/www.ambassadeurhotel.com\/en\/wp-json\/wp\/v2\/media?parent=9751"}],"wp:term":[{"taxonomy":"category","embeddable":true,"href":"https:\/\/www.ambassadeurhotel.com\/en\/wp-json\/wp\/v2\/categories?post=9751"},{"taxonomy":"post_tag","embeddable":true,"href":"https:\/\/www.ambassadeurhotel.com\/en\/wp-json\/wp\/v2\/tags?post=9751"}],"curies":[{"name":"wp","href":"https:\/\/api.w.org\/{rel}","templated":true}]}}