{"id":9726,"date":"2026-05-03T00:00:30","date_gmt":"2026-05-02T23:00:30","guid":{"rendered":"https:\/\/www.ambassadeurhotel.com\/?p=9726"},"modified":"2026-02-27T12:40:52","modified_gmt":"2026-02-27T11:40:52","slug":"camp-geronimo-du-03-au-07-juin","status":"publish","type":"post","link":"https:\/\/www.ambassadeurhotel.com\/en\/camp-geronimo-du-03-au-07-juin\/","title":{"rendered":"Camp Geronimo (du 03 au 07 Juin)"},"content":{"rendered":"<p style=\"text-align: center;\" data-start=\"169\" data-end=\"222\"><em data-start=\"177\" data-end=\"192\">Camp Geronimo<\/em> \u2014 Immersion dans l\u2019Histoire<\/p>\n<p style=\"text-align: center;\" data-start=\"223\" data-end=\"286\">Du <strong data-start=\"230\" data-end=\"250\">3 au 7 juin\u202f2026<\/strong> \u00e0 <strong data-start=\"253\" data-end=\"286\">Sainte\u2011M\u00e8re\u2011\u00c9glise (Cotentin)<\/strong><\/p>\n<p style=\"text-align: center;\" data-start=\"288\" data-end=\"626\">\u00c0 l\u2019occasion du <strong data-start=\"304\" data-end=\"353\">82\u1d49 anniversaire du D\u00e9barquement de Normandie<\/strong>, <strong data-start=\"355\" data-end=\"377\">le <em data-start=\"360\" data-end=\"375\">Camp Geronimo<\/em><\/strong> revient du <strong data-start=\"389\" data-end=\"427\">mercredi 3 au dimanche 7 juin\u202f2026<\/strong> pour une nouvelle \u00e9dition de <strong data-start=\"457\" data-end=\"496\">reconstitution historique immersive<\/strong>, organis\u00e9e par <strong data-start=\"512\" data-end=\"533\">l\u2019Airborne Museum<\/strong> de <strong data-start=\"537\" data-end=\"559\">Sainte\u2011M\u00e8re\u2011\u00c9glise<\/strong> (Manche, Normandie, France).<\/p>\n<p style=\"text-align: center;\" data-start=\"633\" data-end=\"677\">&#x1f396;&#xfe0f; Une immersion unique au c\u0153ur de 1944<\/p>\n<p style=\"text-align: center;\" data-start=\"679\" data-end=\"1212\"><em data-start=\"679\" data-end=\"694\">Camp Geronimo<\/em> est un <strong data-start=\"702\" data-end=\"786\">campement de reconstitution historique enti\u00e8rement d\u00e9di\u00e9 aux troupes am\u00e9ricaines<\/strong> de la <strong data-start=\"793\" data-end=\"820\">Seconde Guerre mondiale<\/strong>, et plus particuli\u00e8rement aux <strong data-start=\"851\" data-end=\"875\">parachutistes alli\u00e9s<\/strong> impliqu\u00e9s dans l\u2019op\u00e9ration Overlord. Chaque ann\u00e9e, \u00e0 l\u2019occasion des comm\u00e9morations du D\u2011Day, des passionn\u00e9s, des associations de reconstituteurs et des collectionneurs investissent le champ situ\u00e9 derri\u00e8re le mus\u00e9e pour faire revivre, pendant plusieurs jours, la vie quotidienne d\u2019un camp militaire.<\/p>\n<p style=\"text-align: center;\" data-start=\"1214\" data-end=\"1637\">Les visiteurs peuvent ainsi observer ou \u00e9changer avec les reconstituteurs, d\u00e9couvrir des <strong data-start=\"1303\" data-end=\"1366\">v\u00e9hicules d\u2019\u00e9poque (jeeps, blind\u00e9s, tanks comme le Sherman)<\/strong>, des tentes, des \u00e9quipements militaires et des mat\u00e9riels authentiques. Les d\u00e9monstrations et activit\u00e9s propos\u00e9es permettent de comprendre <strong data-start=\"1505\" data-end=\"1553\">le r\u00f4le des troupes am\u00e9ricaines en Normandie<\/strong> et les conditions de vie des soldats en 1944.<\/p>\n<p style=\"text-align: center;\" data-start=\"1644\" data-end=\"1699\">&#x1fa96; Un temps fort des comm\u00e9morations du D\u00e9barquement<\/p>\n<p style=\"text-align: center;\" data-start=\"1701\" data-end=\"2019\">Le <em data-start=\"1704\" data-end=\"1719\">Camp Geronimo<\/em> s\u2019inscrit dans le <strong data-start=\"1738\" data-end=\"1804\">vaste programme de comm\u00e9morations du D\u00e9barquement en Normandie<\/strong>, qui rassemble chaque ann\u00e9e des c\u00e9r\u00e9monies officielles, des reconstitutions, des parachutages, des expositions et des rencontres avec des v\u00e9t\u00e9rans ou des passionn\u00e9s d\u2019histoire.<\/p>\n<p style=\"text-align: center;\" data-start=\"2021\" data-end=\"2440\">Pendant ces journ\u00e9es, le camp offre une <strong data-start=\"2061\" data-end=\"2100\">exp\u00e9rience immersive et p\u00e9dagogique<\/strong> pour tous les publics\u202f: familles, curieux, passionn\u00e9s de Premi\u00e8re et Seconde Guerre mondiale, et visiteurs internationaux. L\u2019entr\u00e9e est <strong data-start=\"2237\" data-end=\"2249\">gratuite<\/strong>, ce qui permet \u00e0 chacun de profiter librement des installations, des d\u00e9monstrations et des sc\u00e8nes vivantes propos\u00e9es par les associations participantes.<\/p>\n<p style=\"text-align: center;\" data-start=\"2447\" data-end=\"2478\">&#x1f4cd; Informations pratiques<\/p>\n<p style=\"text-align: center;\" data-start=\"2480\" data-end=\"2723\">&#x1f4cd; <strong data-start=\"2483\" data-end=\"2519\">Champ derri\u00e8re l\u2019Airborne Museum<\/strong> \u2013 14 rue Eisenhower, <strong data-start=\"2541\" data-end=\"2597\">50480 Sainte\u2011M\u00e8re\u2011\u00c9glise (Manche, Normandie, France)<\/strong><br data-start=\"2597\" data-end=\"2600\" \/>&#x1f5d3;&#xfe0f; <strong data-start=\"2604\" data-end=\"2645\">Du mercredi 3 au dimanche 7 juin 2026<\/strong><br data-start=\"2645\" data-end=\"2648\" \/>&#x23f0; <strong data-start=\"2650\" data-end=\"2674\">Ouvert de 9\u202fh \u00e0 19\u202fh<\/strong> chaque jour<br data-start=\"2686\" data-end=\"2689\" \/>&#x1f39f;&#xfe0f; <strong data-start=\"2693\" data-end=\"2721\">Entr\u00e9e libre et gratuite<\/strong><\/p>\n<p style=\"text-align: center;\" data-start=\"2725\" data-end=\"3092\">&#x1f449; <em data-start=\"2728\" data-end=\"2743\">Camp Geronimo<\/em> est une exp\u00e9rience immersive qui permet de mieux appr\u00e9hender l\u2019histoire des parachutistes alli\u00e9s et le r\u00f4le d\u00e9terminant des forces am\u00e9ricaines lors du D\u00e9barquement du 6 juin 1944 \u2014 un moment de m\u00e9moire collective \u00e0 vivre pleinement dans le cadre \u00e9mouvant de <strong data-start=\"3002\" data-end=\"3024\">Sainte\u2011M\u00e8re\u2011\u00c9glise<\/strong>, berceau de l\u2019unit\u00e9 Airborne.<\/p>\n<p style=\"text-align: center;\" data-start=\"3099\" data-end=\"3304\">&#x1f396;&#xfe0f; <strong data-start=\"3103\" data-end=\"3114\">\u00c0 noter<\/strong> : le programme officiel d\u00e9taill\u00e9 (ateliers p\u00e9dagogiques, d\u00e9monstrations, animations internes au camp) sera annonc\u00e9 prochainement par l\u2019Airborne Museum.<\/p>\n","protected":false},"excerpt":{"rendered":"<p>Camp Geronimo \u2014 Immersion dans l\u2019Histoire Du 3 au 7 juin\u202f2026 \u00e0 Sainte\u2011M\u00e8re\u2011\u00c9glise (Cotentin) \u00c0 l\u2019occasion du 82\u1d49 anniversaire du D\u00e9barquement de Normandie, le Camp Geronimo<span class=\"excerpt-hellip\"> [\u2026]<\/span><\/p>\n","protected":false},"author":2,"featured_media":9695,"comment_status":"closed","ping_status":"closed","sticky":false,"template":"","format":"standard","meta":{"footnotes":""},"categories":[14,2],"tags":[],"class_list":["post-9726","post","type-post","status-publish","format-standard","has-post-thumbnail","hentry","category-decouvertes","category-news"],"_links":{"self":[{"href":"https:\/\/www.ambassadeurhotel.com\/en\/wp-json\/wp\/v2\/posts\/9726","targetHints":{"allow":["GET"]}}],"collection":[{"href":"https:\/\/www.ambassadeurhotel.com\/en\/wp-json\/wp\/v2\/posts"}],"about":[{"href":"https:\/\/www.ambassadeurhotel.com\/en\/wp-json\/wp\/v2\/types\/post"}],"author":[{"embeddable":true,"href":"https:\/\/www.ambassadeurhotel.com\/en\/wp-json\/wp\/v2\/users\/2"}],"replies":[{"embeddable":true,"href":"https:\/\/www.ambassadeurhotel.com\/en\/wp-json\/wp\/v2\/comments?post=9726"}],"version-history":[{"count":1,"href":"https:\/\/www.ambassadeurhotel.com\/en\/wp-json\/wp\/v2\/posts\/9726\/revisions"}],"predecessor-version":[{"id":9727,"href":"https:\/\/www.ambassadeurhotel.com\/en\/wp-json\/wp\/v2\/posts\/9726\/revisions\/9727"}],"wp:featuredmedia":[{"embeddable":true,"href":"https:\/\/www.ambassadeurhotel.com\/en\/wp-json\/wp\/v2\/media\/9695"}],"wp:attachment":[{"href":"https:\/\/www.ambassadeurhotel.com\/en\/wp-json\/wp\/v2\/media?parent=9726"}],"wp:term":[{"taxonomy":"category","embeddable":true,"href":"https:\/\/www.ambassadeurhotel.com\/en\/wp-json\/wp\/v2\/categories?post=9726"},{"taxonomy":"post_tag","embeddable":true,"href":"https:\/\/www.ambassadeurhotel.com\/en\/wp-json\/wp\/v2\/tags?post=9726"}],"curies":[{"name":"wp","href":"https:\/\/api.w.org\/{rel}","templated":true}]}}