{"id":9659,"date":"2026-01-26T16:52:06","date_gmt":"2026-01-26T15:52:06","guid":{"rendered":"https:\/\/www.ambassadeurhotel.com\/?p=9659"},"modified":"2026-01-26T16:52:06","modified_gmt":"2026-01-26T15:52:06","slug":"festival-solidaire-green-river-valley-8e-edition-du-19-au-21-juin","status":"publish","type":"post","link":"https:\/\/www.ambassadeurhotel.com\/en\/festival-solidaire-green-river-valley-8e-edition-du-19-au-21-juin\/","title":{"rendered":"Festival solidaire : Green River Valley &#8211; 8e \u00c9dition (du 19 au 21 Juin)"},"content":{"rendered":"<p style=\"text-align: center;\" data-start=\"99\" data-end=\"159\">&#x1f3b6; <em data-start=\"105\" data-end=\"125\">Green River Valley<\/em> \u2014 Festival musical et solidaire<\/p>\n<p style=\"text-align: center;\" data-start=\"160\" data-end=\"228\">Une f\u00eate engag\u00e9e et conviviale entre musique, nature et partager<\/p>\n<p style=\"text-align: center;\" data-start=\"230\" data-end=\"618\">Du <strong data-start=\"233\" data-end=\"273\">vendredi\u202f19 au dimanche\u202f21\u202fjuin\u202f2026<\/strong>, la <strong data-start=\"278\" data-end=\"301\">Ferme des Cara\u2011Meuh<\/strong> \u00e0 <strong data-start=\"304\" data-end=\"313\">Vains<\/strong> (Manche, Normandie, France), au c\u0153ur de la <strong data-start=\"357\" data-end=\"386\">baie du Mont\u2011Saint\u2011Michel<\/strong>, accueille la <strong data-start=\"401\" data-end=\"448\">6\u1d49 \u00e9dition du <em data-start=\"417\" data-end=\"446\">Green River Valley Festival<\/em><\/strong> (GRV), un \u00e9v\u00e9nement musical <strong data-start=\"477\" data-end=\"515\">\u00e9cologique, solidaire et convivial<\/strong> qui mixe concerts, \u00e9changes, animations et engagements citoyens.<\/p>\n<p style=\"text-align: center;\" data-start=\"625\" data-end=\"670\">&#x1f4cd; Un lieu unique et une ambiance engag\u00e9e<\/p>\n<p style=\"text-align: center;\" data-start=\"672\" data-end=\"1084\">Install\u00e9 dans le cadre bucolique de la <strong data-start=\"711\" data-end=\"734\">Ferme des Cara\u2011Meuh<\/strong>, une ferme bio embl\u00e9matique du territoire, <em data-start=\"778\" data-end=\"798\">Green River Valley<\/em> cr\u00e9e chaque ann\u00e9e une <strong data-start=\"821\" data-end=\"868\">ambiance festive en harmonie avec la nature<\/strong>. Ce festival associe <strong data-start=\"890\" data-end=\"906\">musique live<\/strong>, <strong data-start=\"908\" data-end=\"932\">village participatif<\/strong>, <strong data-start=\"934\" data-end=\"949\">conf\u00e9rences<\/strong>, <strong data-start=\"951\" data-end=\"976\">stands d\u2019associations<\/strong> et <strong data-start=\"980\" data-end=\"999\">produits locaux<\/strong> dans un esprit d\u2019\u00e9change et de responsabilit\u00e9.<\/p>\n<p style=\"text-align: center;\" data-start=\"1091\" data-end=\"1131\">&#x1f3b5; Une programmation musicale vari\u00e9e<\/p>\n<p style=\"text-align: center;\" data-start=\"1133\" data-end=\"1552\">Sur <strong data-start=\"1137\" data-end=\"1153\">trois sc\u00e8nes<\/strong> \u2014 une <strong data-start=\"1160\" data-end=\"1176\">Grande Sc\u00e8ne<\/strong>, un <strong data-start=\"1181\" data-end=\"1198\">Chapiteau Dub<\/strong> avec sound system et une <strong data-start=\"1224\" data-end=\"1244\">sc\u00e8ne acoustique<\/strong> dans le village gratuit \u2014 la musique est au centre du projet <em data-start=\"1306\" data-end=\"1326\">Green River Valley<\/em>. La programmation privil\u00e9gie des styles musicaux <strong data-start=\"1376\" data-end=\"1422\">reggae, dub, hip\u2011hop et musiques actuelles<\/strong>, avec des artistes nationaux et internationaux, ainsi que des d\u00e9couvertes \u00e0 ne pas manquer.<\/p>\n<p style=\"text-align: center;\" data-start=\"1554\" data-end=\"1795\">La saison 2026 met en lumi\u00e8re le th\u00e8me <strong data-start=\"1593\" data-end=\"1629\">\u00ab\u202fHommes et femmes de la terre\u202f\u00bb<\/strong>, invitant \u00e0 r\u00e9fl\u00e9chir sur notre rapport \u00e0 la nature, aux modes de vie et aux actions collectives en faveur d\u2019un avenir durable.<\/p>\n<p style=\"text-align: center;\" data-start=\"1802\" data-end=\"1833\">&#x1f30d; Un village ouvert \u00e0 tous<\/p>\n<p style=\"text-align: center;\" data-start=\"1835\" data-end=\"2246\"><em data-start=\"1835\" data-end=\"1855\">Green River Valley<\/em> ne se limite pas aux concerts\u202f: un <strong data-start=\"1891\" data-end=\"1910\">village gratuit<\/strong> et ouvert \u00e0 tous propose des <strong data-start=\"1940\" data-end=\"1965\">animations familiales<\/strong>, des <strong data-start=\"1971\" data-end=\"2005\">stands d\u2019associations engag\u00e9es<\/strong>, des <strong data-start=\"2011\" data-end=\"2038\">conf\u00e9rences th\u00e9matiques<\/strong> et des <strong data-start=\"2046\" data-end=\"2054\">jeux<\/strong>. C\u2019est aussi l\u2019occasion de rencontrer des acteurs locaux ou des passionn\u00e9s autour de sujets tels que l\u2019\u00e9cologie, la solidarit\u00e9 ou les pratiques durables.<\/p>\n<p style=\"text-align: center;\" data-start=\"2248\" data-end=\"2466\">La restauration met \u00e0 l\u2019honneur <strong data-start=\"2280\" data-end=\"2304\">la production locale<\/strong> avec food trucks, produits artisanaux et boissons issues de circuits courts, pour une exp\u00e9rience conviviale et responsable.<\/p>\n<p style=\"text-align: center;\" data-start=\"2473\" data-end=\"2502\">&#x1f389; Un \u00e9v\u00e9nement pour tous<\/p>\n<p style=\"text-align: center;\" data-start=\"2504\" data-end=\"2887\">Le <em data-start=\"2507\" data-end=\"2536\">Green River Valley Festival<\/em> rassemble chaque ann\u00e9e un public <strong data-start=\"2570\" data-end=\"2601\">large et interg\u00e9n\u00e9rationnel<\/strong>, des familles aux amateurs de musique en passant par les curieux d\u2019exp\u00e9riences culturelles et solidaires. L\u2019ambiance du festival, entre <strong data-start=\"2738\" data-end=\"2764\">bonnes vibes musicales<\/strong> et <strong data-start=\"2768\" data-end=\"2793\">\u00e9changes constructifs<\/strong>, en fait un rendez\u2011vous unique dans le paysage normand.<\/p>\n<p style=\"text-align: center;\" data-start=\"2894\" data-end=\"2917\">&#x1f5d3;&#xfe0f; Infos pratiques<\/p>\n<p style=\"text-align: center;\" data-start=\"2919\" data-end=\"3377\">&#x1f4cd; <strong data-start=\"2922\" data-end=\"3011\">Ferme des Cara\u2011Meuh \u2013 Route de Saint\u2011L\u00e9onard, 50300 Vains (Manche, Normandie, France)<\/strong> <br data-start=\"3049\" data-end=\"3052\" \/>&#x1f5d3;&#xfe0f; <strong data-start=\"3056\" data-end=\"3095\">Vendredi\u202f19 \u2192 Dimanche\u202f21\u202fjuin\u202f2026<\/strong> \u2014 festival sur <strong data-start=\"3111\" data-end=\"3126\">trois jours<\/strong> avec concerts, animations, d\u00e9bats et village gratuit. <br data-start=\"3218\" data-end=\"3221\" \/>&#x1f3ab; <strong data-start=\"3224\" data-end=\"3248\">Billetterie en ligne<\/strong>\u202f: pass 1 jour ou pass week\u2011end disponibles. Gratuit pour les enfants de moins de 10\u202fans.<\/p>\n<p style=\"text-align: center;\" data-start=\"3379\" data-end=\"3652\">&#x1f449; <em data-start=\"3382\" data-end=\"3402\">Green River Valley<\/em> est bien plus qu\u2019un simple festival\u202f: c\u2019est une <strong data-start=\"3451\" data-end=\"3503\">exp\u00e9rience musicale, sociale et environnementale<\/strong> ancr\u00e9e dans son territoire, qui offre un <strong data-start=\"3545\" data-end=\"3593\">week\u2011end de f\u00eate, de partage et de r\u00e9flexion<\/strong> au d\u00e9but de l\u2019\u00e9t\u00e9.<\/p>\n<p style=\"text-align: center;\" data-start=\"3379\" data-end=\"3652\">*Image non contractuelle, g\u00e9ner\u00e9e par Ideogram*<\/p>\n","protected":false},"excerpt":{"rendered":"<p>&#x1f3b6; Green River Valley \u2014 Festival musical et solidaire Une f\u00eate engag\u00e9e et conviviale entre musique, nature et partager Du vendredi\u202f19 au dimanche\u202f21\u202fjuin\u202f2026, la Ferme des<span class=\"excerpt-hellip\"> [\u2026]<\/span><\/p>\n","protected":false},"author":2,"featured_media":9660,"comment_status":"closed","ping_status":"closed","sticky":false,"template":"","format":"standard","meta":{"footnotes":""},"categories":[14,2],"tags":[],"class_list":["post-9659","post","type-post","status-publish","format-standard","has-post-thumbnail","hentry","category-decouvertes","category-news"],"_links":{"self":[{"href":"https:\/\/www.ambassadeurhotel.com\/en\/wp-json\/wp\/v2\/posts\/9659","targetHints":{"allow":["GET"]}}],"collection":[{"href":"https:\/\/www.ambassadeurhotel.com\/en\/wp-json\/wp\/v2\/posts"}],"about":[{"href":"https:\/\/www.ambassadeurhotel.com\/en\/wp-json\/wp\/v2\/types\/post"}],"author":[{"embeddable":true,"href":"https:\/\/www.ambassadeurhotel.com\/en\/wp-json\/wp\/v2\/users\/2"}],"replies":[{"embeddable":true,"href":"https:\/\/www.ambassadeurhotel.com\/en\/wp-json\/wp\/v2\/comments?post=9659"}],"version-history":[{"count":1,"href":"https:\/\/www.ambassadeurhotel.com\/en\/wp-json\/wp\/v2\/posts\/9659\/revisions"}],"predecessor-version":[{"id":9661,"href":"https:\/\/www.ambassadeurhotel.com\/en\/wp-json\/wp\/v2\/posts\/9659\/revisions\/9661"}],"wp:featuredmedia":[{"embeddable":true,"href":"https:\/\/www.ambassadeurhotel.com\/en\/wp-json\/wp\/v2\/media\/9660"}],"wp:attachment":[{"href":"https:\/\/www.ambassadeurhotel.com\/en\/wp-json\/wp\/v2\/media?parent=9659"}],"wp:term":[{"taxonomy":"category","embeddable":true,"href":"https:\/\/www.ambassadeurhotel.com\/en\/wp-json\/wp\/v2\/categories?post=9659"},{"taxonomy":"post_tag","embeddable":true,"href":"https:\/\/www.ambassadeurhotel.com\/en\/wp-json\/wp\/v2\/tags?post=9659"}],"curies":[{"name":"wp","href":"https:\/\/api.w.org\/{rel}","templated":true}]}}