{"id":5248,"date":"2020-05-15T16:35:47","date_gmt":"2020-05-15T15:35:47","guid":{"rendered":"https:\/\/www.ambassadeurhotel.com\/?p=5248"},"modified":"2024-01-28T10:13:13","modified_gmt":"2024-01-28T09:13:13","slug":"memoire-place-bricqueville","status":"publish","type":"post","link":"https:\/\/www.ambassadeurhotel.com\/en\/memoire-place-bricqueville\/","title":{"rendered":"La Place Bricqueville"},"content":{"rendered":"<p style=\"text-align: center;\">Le 12 Mai 1850, la municipalit\u00e9 et les citoyens de Cherbourg se r\u00e9unissent pour l&#8217;inauguration d&#8217;un buste \u00e0 la m\u00e9moire d&#8217;Armand de Bricqueville, officier de cavalerie napol\u00e9onienne et ancien d\u00e9put\u00e9 de la circonscription.<\/p>\n<p style=\"text-align: center;\">Descendant d&#8217;une grande famille noble de Normandie, Armand de Bricqueville na\u00eet \u00e0 Bretteville le 23 Janvier 1785. Pendant la r\u00e9volution, son p\u00e8re, le vicomte Fran\u00e7ois-!claude de Bricqueville prend la t\u00eate de la chouannerie normande et sera fusill\u00e9 \u00e0 Coutances en 1796. \u00c9lev\u00e9 dans la haine des bourbons, il entre \u00e0 l&#8217;\u00e9cole militaire de Fontainebleau et en sort sous-lieutenant de cavalerie. Il s&#8217;illustre \u00e0 la bataille de I\u00e9na, participe \u00e0 toutes les campagnes de l&#8217;Empire et monte rapidement en grade jusqu&#8217;\u00e0 devenir lieutenant-colonel des Lanciers de la Garde Imp\u00e9riale en 1813. Retir\u00e9 \u00e0 la chute de l&#8217;Empire en 1814, il reprend du service pendant les Cent Jours, comme colonel du 20e r\u00e9giment de Dragons, o\u00f9 il s&#8217;illustre par une charge victorieuse \u00e0 Ligny: il participe \u00e0 Waterloo et est gri\u00e8vement bless\u00e9 \u00e0 Rocquencourt le 1er Juillet 1815 lors de la derni\u00e8re bataille de la Grande Arm\u00e9e. Il se retire dans ses terres \u00e0 la Restauration, puis commande la Garde Nationale de Cherbourg. Il est \u00e9lu d\u00e9put\u00e9 de la circonscription de Valognes en 1827, puis de Cherbourg en 1831. A l&#8217;Assembl\u00e9e, il se pr\u00e9sente comme un opposant \u00e0 la monarchie; partisan de la libert\u00e9, il fr\u00e9quente Alexis de Tocqueville, autre d\u00e9put\u00e9 de la Manche et parent par alliance. Il est r\u00e9\u00e9lu jusqu&#8217;\u00e0 son d\u00e9c\u00e8s \u00e0 Paris le 19 mars 1844.<\/p>\n<p style=\"text-align: center;\">Aim\u00e9 dans sa circonscription, un comit\u00e9 se cr\u00e9e d\u00e8s son d\u00e9c\u00e8s pour \u00e9riger un monument \u00e0 sa m\u00e9moire et lance une souscription populaire et choisit le buste pr\u00e9sent\u00e9 par le sculpteur David d&#8217;Angers, install\u00e9 sur un pi\u00e9destal en granit. 5 ans sont n\u00e9cessaires pour recueillir les fonds aupr\u00e8s de plusieurs centaines de donateurs dont le dernier sera Napol\u00e9on III. Le monument est inaugur\u00e9 place des sarrasins, aujourd&#8217;hui place Bricqueville, le 12 mai 1850 devant une foule nombreuse avec un discours du maire Julien Morin<\/p>\n","protected":false},"excerpt":{"rendered":"<p>Le 12 Mai 1850, la municipalit\u00e9 et les citoyens de Cherbourg se r\u00e9unissent pour l&#8217;inauguration d&#8217;un buste \u00e0 la m\u00e9moire d&#8217;Armand de Bricqueville, officier de cavalerie<span class=\"excerpt-hellip\"> [\u2026]<\/span><\/p>\n","protected":false},"author":2,"featured_media":5249,"comment_status":"closed","ping_status":"closed","sticky":false,"template":"","format":"standard","meta":{"footnotes":""},"categories":[14],"tags":[],"class_list":["post-5248","post","type-post","status-publish","format-standard","has-post-thumbnail","hentry","category-decouvertes"],"_links":{"self":[{"href":"https:\/\/www.ambassadeurhotel.com\/en\/wp-json\/wp\/v2\/posts\/5248","targetHints":{"allow":["GET"]}}],"collection":[{"href":"https:\/\/www.ambassadeurhotel.com\/en\/wp-json\/wp\/v2\/posts"}],"about":[{"href":"https:\/\/www.ambassadeurhotel.com\/en\/wp-json\/wp\/v2\/types\/post"}],"author":[{"embeddable":true,"href":"https:\/\/www.ambassadeurhotel.com\/en\/wp-json\/wp\/v2\/users\/2"}],"replies":[{"embeddable":true,"href":"https:\/\/www.ambassadeurhotel.com\/en\/wp-json\/wp\/v2\/comments?post=5248"}],"version-history":[{"count":3,"href":"https:\/\/www.ambassadeurhotel.com\/en\/wp-json\/wp\/v2\/posts\/5248\/revisions"}],"predecessor-version":[{"id":7699,"href":"https:\/\/www.ambassadeurhotel.com\/en\/wp-json\/wp\/v2\/posts\/5248\/revisions\/7699"}],"wp:featuredmedia":[{"embeddable":true,"href":"https:\/\/www.ambassadeurhotel.com\/en\/wp-json\/wp\/v2\/media\/5249"}],"wp:attachment":[{"href":"https:\/\/www.ambassadeurhotel.com\/en\/wp-json\/wp\/v2\/media?parent=5248"}],"wp:term":[{"taxonomy":"category","embeddable":true,"href":"https:\/\/www.ambassadeurhotel.com\/en\/wp-json\/wp\/v2\/categories?post=5248"},{"taxonomy":"post_tag","embeddable":true,"href":"https:\/\/www.ambassadeurhotel.com\/en\/wp-json\/wp\/v2\/tags?post=5248"}],"curies":[{"name":"wp","href":"https:\/\/api.w.org\/{rel}","templated":true}]}}