{"id":10085,"date":"2026-09-02T13:20:03","date_gmt":"2026-09-02T12:20:03","guid":{"rendered":"https:\/\/www.ambassadeurhotel.com\/?p=10085"},"modified":"2026-09-02T13:20:03","modified_gmt":"2026-09-02T12:20:03","slug":"la-ferme-des-monts-a-la-decouverte-des-races-normandes-jusquau-31-decembre","status":"publish","type":"post","link":"https:\/\/www.ambassadeurhotel.com\/en\/la-ferme-des-monts-a-la-decouverte-des-races-normandes-jusquau-31-decembre\/","title":{"rendered":"La ferme des Monts : \u00e0 la d\u00e9couverte des races normandes (jusqu&#8217;au 31 D\u00e9cembre)"},"content":{"rendered":"<p class=\"PDq2pG_selectionAnchorContainer\" style=\"text-align: center;\" data-section-id=\"5ta1tg\" data-start=\"0\" data-end=\"80\">&#x1f404; La Ferme des Monts : une d\u00e9couverte des races normandes au c\u0153ur de La Hague<\/p>\n<p style=\"text-align: center;\" data-section-id=\"1y0ohst\" data-start=\"82\" data-end=\"172\">Une nouvelle sortie familiale entre animaux, patrimoine rural et paysages exceptionnels<\/p>\n<p style=\"text-align: center;\" data-start=\"174\" data-end=\"585\">\u00c0 partir du <strong data-start=\"186\" data-end=\"205\">20 juillet 2026<\/strong>, la <strong data-start=\"210\" data-end=\"229\">Ferme des Monts<\/strong>, situ\u00e9e sur les hauteurs de <strong data-start=\"258\" data-end=\"270\">Vauville<\/strong>, ouvre ses portes aux visiteurs pour une d\u00e9couverte originale du patrimoine agricole et naturel de La Hague. Ce nouveau lieu agro\u00e9cologique et touristique propose une <strong data-start=\"438\" data-end=\"484\">promenade p\u00e9dagogique au c\u0153ur des prairies<\/strong>, \u00e0 la rencontre des races animales embl\u00e9matiques de Normandie.<\/p>\n<p style=\"text-align: center;\" data-start=\"587\" data-end=\"792\">Pens\u00e9e pour les <strong data-start=\"603\" data-end=\"635\">petits comme pour les grands<\/strong>, cette visite permet de d\u00e9couvrir plus d&#8217;une centaine d&#8217;animaux et de mieux comprendre les races locales qui font partie du patrimoine vivant du territoire.<\/p>\n<p style=\"text-align: center;\" data-section-id=\"smu4w4\" data-start=\"794\" data-end=\"841\">&#x1f33f; \u00c0 la d\u00e9couverte des 25 races de Normandie<\/p>\n<p style=\"text-align: center;\" data-start=\"843\" data-end=\"1105\">La Ferme des Monts a pour ambition de participer \u00e0 la <strong data-start=\"897\" data-end=\"957\">pr\u00e9servation et \u00e0 la promotion des 25 races de Normandie<\/strong>. Au fil du parcours, les visiteurs peuvent ainsi observer de nombreux animaux \u00e9lev\u00e9s en plein air et d\u00e9couvrir des races locales parfois m\u00e9connues.<\/p>\n<p style=\"text-align: center;\" data-start=\"1107\" data-end=\"1432\">Parmi les animaux pr\u00e9sents sur la ferme figurent notamment les <strong data-start=\"1170\" data-end=\"1192\">ch\u00e8vres des foss\u00e9s<\/strong>, les <strong data-start=\"1198\" data-end=\"1230\">moutons Roussins de La Hague<\/strong> et les <strong data-start=\"1238\" data-end=\"1258\">vaches normandes<\/strong>. Le projet agricole s&#8217;inscrit dans une d\u00e9marche d&#8217;agriculture biologique et de valorisation des races rustiques et du patrimoine local.<\/p>\n<p style=\"text-align: center;\" data-start=\"1434\" data-end=\"1570\">La visite permet donc de m\u00ealer <strong data-start=\"1465\" data-end=\"1569\">d\u00e9couverte des animaux, sensibilisation \u00e0 la biodiversit\u00e9 domestique et d\u00e9couverte du monde agricole<\/strong>.<\/p>\n<p style=\"text-align: center;\" data-section-id=\"a4fczy\" data-start=\"1572\" data-end=\"1631\">&#x1f468;&#x200d;&#x1f469;&#x200d;&#x1f467;&#x200d;&#x1f466; Une balade p\u00e9dagogique pour toute la famille<\/p>\n<p style=\"text-align: center;\" data-start=\"1633\" data-end=\"1874\">Le parcours se fait \u00e0 pied \u00e0 travers les prairies et les diff\u00e9rents espaces de la ferme. Il faut compter environ <strong data-start=\"1746\" data-end=\"1759\">1h30 \u00e0 2h<\/strong> pour profiter pleinement de la promenade et des diff\u00e9rents points d&#8217;int\u00e9r\u00eat.<\/p>\n<p style=\"text-align: center;\" data-start=\"1876\" data-end=\"2027\">L&#8217;occasion pour les enfants de faire connaissance avec les animaux de la ferme tout en d\u00e9couvrant l&#8217;histoire et les particularit\u00e9s des races normandes.<\/p>\n<p style=\"text-align: center;\" data-start=\"2029\" data-end=\"2152\">La Ferme des Monts dispose \u00e9galement d&#8217;espaces permettant de faire une pause et de profiter pleinement de ce cadre naturel.<\/p>\n<p style=\"text-align: center;\" data-section-id=\"1usinly\" data-start=\"2154\" data-end=\"2210\">&#x1f30a; Des paysages exceptionnels sur la baie de Vauville<\/p>\n<p style=\"text-align: center;\" data-start=\"2212\" data-end=\"2296\">L&#8217;un des grands atouts de la Ferme des Monts est sans aucun doute son environnement.<\/p>\n<p style=\"text-align: center;\" data-start=\"2298\" data-end=\"2590\">Install\u00e9e sur les hauteurs de <strong data-start=\"2328\" data-end=\"2340\">Vauville<\/strong>, la ferme b\u00e9n\u00e9ficie de panoramas remarquables sur la <strong data-start=\"2394\" data-end=\"2414\">baie de Vauville<\/strong> et, au loin, sur le <strong data-start=\"2435\" data-end=\"2453\">Nez de Jobourg<\/strong>. Entre prairies, bocage et paysages maritimes, la promenade offre une autre mani\u00e8re de d\u00e9couvrir les paysages embl\u00e9matiques de La Hague.<\/p>\n<p style=\"text-align: center;\" data-start=\"2592\" data-end=\"2721\">Apr\u00e8s la rencontre avec les animaux, rien de tel que de prendre le temps de profiter du panorama et de <strong data-start=\"2695\" data-end=\"2720\">souffler au grand air<\/strong>.<\/p>\n<p style=\"text-align: center;\" data-section-id=\"1o5oho9\" data-start=\"2723\" data-end=\"2767\">&#x1f34e; Une d\u00e9couverte des produits du terroir<\/p>\n<p style=\"text-align: center;\" data-start=\"2769\" data-end=\"3092\">La Ferme des Monts s&#8217;inscrit \u00e9galement dans une d\u00e9marche de valorisation des productions et des savoir-faire locaux. Le projet agricole comprend notamment l&#8217;\u00e9levage de ch\u00e8vres des foss\u00e9s, de moutons Roussins de La Hague et le d\u00e9veloppement d&#8217;activit\u00e9s autour des productions normandes.<\/p>\n<p style=\"text-align: center;\" data-start=\"3094\" data-end=\"3316\">Et pour les visiteurs qui r\u00e9servent leur visite <strong data-start=\"3142\" data-end=\"3201\">par l&#8217;interm\u00e9diaire de l&#8217;Office de Tourisme du Cotentin<\/strong>, une petite attention gourmande est pr\u00e9vue : <strong data-start=\"3247\" data-end=\"3315\">une madeleine accompagn\u00e9e d&#8217;un verre de jus de pomme P\u00e8re Mahieu<\/strong>.<\/p>\n<p style=\"text-align: center;\" data-section-id=\"ug8l66\" data-start=\"3318\" data-end=\"3346\">&#x1f4c5; Informations pratiques<\/p>\n<p style=\"text-align: center;\" data-start=\"3348\" data-end=\"3887\">&#x1f4cd; <strong data-start=\"3351\" data-end=\"3361\">Lieu :<\/strong> Ferme des Monts, sur les hauteurs de Vauville \u2013 La Hague<br data-start=\"3418\" data-end=\"3421\" \/>&#x1f4c5; <strong data-start=\"3424\" data-end=\"3446\">P\u00e9riode annonc\u00e9e :<\/strong> du <strong data-start=\"3450\" data-end=\"3484\">20 juillet au 31 d\u00e9cembre 2026<\/strong><br data-start=\"3484\" data-end=\"3487\" \/>&#x1f551; <strong data-start=\"3490\" data-end=\"3502\">Visite :<\/strong> promenade libre \u00e0 travers les prairies<br data-start=\"3541\" data-end=\"3544\" \/>&#x23f1;&#xfe0f; <strong data-start=\"3547\" data-end=\"3569\">Dur\u00e9e indicative :<\/strong> environ 1h30 \u00e0 2h<br data-start=\"3587\" data-end=\"3590\" \/>&#x1f39f;&#xfe0f; <strong data-start=\"3594\" data-end=\"3605\">Tarif :<\/strong> \u00e0 partir de <strong data-start=\"3618\" data-end=\"3636\">5 \u20ac par adulte<\/strong> selon l&#8217;Office de Tourisme du Cotentin <br data-start=\"3713\" data-end=\"3716\" \/>&#x1f468;&#x200d;&#x1f469;&#x200d;&#x1f467;&#x200d;&#x1f466; <strong data-start=\"3728\" data-end=\"3740\">Public :<\/strong> sortie familiale, petits et grands<br data-start=\"3775\" data-end=\"3778\" \/>&#x1f415; <strong data-start=\"3781\" data-end=\"3801\">Animaux accept\u00e9s<\/strong> selon les informations de l&#8217;Office de Tourisme.<\/p>\n<p data-start=\"3891\" data-end=\"4256\"><strong data-start=\"3891\" data-end=\"3909\">Bon \u00e0 savoir :<\/strong> les informations actuellement publi\u00e9es par l&#8217;Office de Tourisme indiquent une ouverture aux visiteurs jusqu&#8217;\u00e0 fin octobre 2026, tandis que certaines fiches d&#8217;agenda affichent une p\u00e9riode allant jusqu&#8217;au 31 d\u00e9cembre. Il est donc pr\u00e9f\u00e9rable de v\u00e9rifier les horaires et dates d&#8217;ouverture avant de vous d\u00e9placer.<\/p>\n<p style=\"text-align: center;\" data-section-id=\"zmwksh\" data-start=\"4263\" data-end=\"4311\">&#x1f33e; Une belle id\u00e9e de sortie depuis Cherbourg<\/p>\n<p style=\"text-align: center;\" data-start=\"4313\" data-end=\"4670\">\u00c0 seulement quelques kilom\u00e8tres de Cherbourg-en-Cotentin, <strong data-start=\"4371\" data-end=\"4393\">la Ferme des Monts<\/strong> constitue une belle id\u00e9e d&#8217;escapade pour d\u00e9couvrir <strong data-start=\"4445\" data-end=\"4467\">La Hague autrement<\/strong>. Entre les animaux, les races normandes, les paysages de Vauville et les panoramas sur le littoral, cette visite offre un agr\u00e9able moment au grand air, \u00e0 la fois <strong data-start=\"4630\" data-end=\"4669\">ludique, p\u00e9dagogique et ressour\u00e7ant<\/strong>.<\/p>\n<p style=\"text-align: center;\" data-start=\"4672\" data-end=\"4881\">Une sortie particuli\u00e8rement adapt\u00e9e aux familles souhaitant associer <strong data-start=\"4741\" data-end=\"4805\">nature, d\u00e9couverte du terroir et patrimoine agricole normand<\/strong> lors de leur s\u00e9jour dans le Cotentin.<\/p>\n<p style=\"text-align: center;\" data-start=\"4672\" data-end=\"4881\">*Image non contractuelle, g\u00e9ner\u00e9e par Ideogram*<\/p>\n","protected":false},"excerpt":{"rendered":"<p>&#x1f404; La Ferme des Monts : une d\u00e9couverte des races normandes au c\u0153ur de La Hague Une nouvelle sortie familiale entre animaux, patrimoine rural et paysages<span class=\"excerpt-hellip\"> [\u2026]<\/span><\/p>\n","protected":false},"author":2,"featured_media":10099,"comment_status":"closed","ping_status":"closed","sticky":false,"template":"","format":"standard","meta":{"footnotes":""},"categories":[1,2],"tags":[],"class_list":["post-10085","post","type-post","status-publish","format-standard","has-post-thumbnail","hentry","category-media-ambassadeur","category-news"],"_links":{"self":[{"href":"https:\/\/www.ambassadeurhotel.com\/en\/wp-json\/wp\/v2\/posts\/10085","targetHints":{"allow":["GET"]}}],"collection":[{"href":"https:\/\/www.ambassadeurhotel.com\/en\/wp-json\/wp\/v2\/posts"}],"about":[{"href":"https:\/\/www.ambassadeurhotel.com\/en\/wp-json\/wp\/v2\/types\/post"}],"author":[{"embeddable":true,"href":"https:\/\/www.ambassadeurhotel.com\/en\/wp-json\/wp\/v2\/users\/2"}],"replies":[{"embeddable":true,"href":"https:\/\/www.ambassadeurhotel.com\/en\/wp-json\/wp\/v2\/comments?post=10085"}],"version-history":[{"count":1,"href":"https:\/\/www.ambassadeurhotel.com\/en\/wp-json\/wp\/v2\/posts\/10085\/revisions"}],"predecessor-version":[{"id":10100,"href":"https:\/\/www.ambassadeurhotel.com\/en\/wp-json\/wp\/v2\/posts\/10085\/revisions\/10100"}],"wp:featuredmedia":[{"embeddable":true,"href":"https:\/\/www.ambassadeurhotel.com\/en\/wp-json\/wp\/v2\/media\/10099"}],"wp:attachment":[{"href":"https:\/\/www.ambassadeurhotel.com\/en\/wp-json\/wp\/v2\/media?parent=10085"}],"wp:term":[{"taxonomy":"category","embeddable":true,"href":"https:\/\/www.ambassadeurhotel.com\/en\/wp-json\/wp\/v2\/categories?post=10085"},{"taxonomy":"post_tag","embeddable":true,"href":"https:\/\/www.ambassadeurhotel.com\/en\/wp-json\/wp\/v2\/tags?post=10085"}],"curies":[{"name":"wp","href":"https:\/\/api.w.org\/{rel}","templated":true}]}}